{"id":223,"date":"2016-08-09T05:15:27","date_gmt":"2016-08-09T05:15:27","guid":{"rendered":"http:\/\/planet27.eu\/?p=223"},"modified":"2016-09-12T07:33:45","modified_gmt":"2016-09-12T07:33:45","slug":"narva-joesuu-sos-lastekula-kasvataja-irina-ja-tema-erilised-lapsed","status":"publish","type":"post","link":"https:\/\/planet27.eu\/?p=223&lang=et","title":{"rendered":"Narva-J\u00f5esuu SOS Lastek\u00fcla kasvataja Irina ja tema erilised lapsed"},"content":{"rendered":"<p><strong>Narva-J\u00f5esuu SOS Lastek\u00fcla kasvataja Irina ja tema erilised lapsed<\/strong><\/p>\n<p>Narva-J\u00f5esuu SOS lastek\u00fcla esimene maja kohe peav\u00e4rava juures on eriline \u2013 nii k\u00f5igi SOS lastek\u00fclade kui ka terve riigi plaanis, r\u00e4\u00e4kimata elanike endi jaoks. Selles v\u00e4ikeses majas hoolitsevad kasvatajad Irina ja Oksana kaheksa raske puudega lapse eest. \u201eHoolitsema\u201c on siinkohal tegelikult liiga v\u00e4he \u00fctlev s\u00f5na, sest nad jagavad lastele armastust, t\u00e4helepanu, m\u00f5istmist ning tuge.<!--more--><\/p>\n<p>Sel vihmasel p\u00e4eval on t\u00f6\u00f6l Irina. Kell on \u00fcks, seitse last on voodis l\u00f5unaund p\u00fc\u00fcdmas, \u00fcks ootab oma k\u00e4rus, millal hoidjat\u00e4di tuleb rohtu andma. V\u00e4ike poiss oli \u00e4sja haige, ise ta seda ei tea, nagu sedagi, kes ta on, kus ja miks. Aga lahke h\u00e4\u00e4l toob teinekord ta n\u00e4ole vaevum\u00e4rgatava virvenduse. \u201eMeie maja lapsed p\u00f5evad k\u00f5ike v\u00e4ga raskelt. Ja tavaliselt j\u00e4\u00e4vad nad haigeks k\u00f5ik korrga,\u201c \u00fctleb Irina. L\u00f5ppenud talv oligi selle poolest raske. Neid \u00f6id, kui mures kasvataja j\u00e4i majja lapsi valvama, oli palju.<\/p>\n<p>Irina on kui taeva kingitus<\/p>\n<p>Miks me kirjutame kasvataja Irinast, mitte ema Irinast? Nimelt on see maja SOS lastek\u00fclade v\u00f5rgustiku ainus erivajadustega laste maja ja seal kehtib natuke teine s\u00fcsteem. Kui tavap\u00e4raselt elab \u00fches peremajas 5\u20136 last koos emaga, keda toetab isa v\u00f5i t\u00e4di, siis seal on lastega kaks kasvatajat ja abiline ehk hoidjat\u00e4di. \u00dcks inimene on varuks, kui tuleb kedagi asendada.<\/p>\n<p>Irina laste heaolu arvelt m\u00f6\u00f6ndusi ei tee \u2013 k\u00f5igepealt see ja alles siis v\u00e4ikese maja kodut\u00f6\u00f6d. Ta j\u00e4lgib laste iga meeleoluvirvendust ja liigutust. Ta teab t\u00e4pselt, milleks \u00fcks v\u00f5i teine tema hoolealustest on v\u00f5imeline, mida temas arendada, millist ravi ta vajab. Irina r\u00e4\u00e4gib, naerab, paitab pead, loeb raamatut, aitab m\u00e4nguasja k\u00e4tte saada, toob m\u00e4ngutuppa ja magama, vahetab m\u00e4hkmeid ja s\u00f6\u00f6dab. Ning k\u00f5ige selle k\u00f5rvalt v\u00f5tab k\u00fclastajat iga p\u00e4ev vastu puhas maja ja s\u00e4titud lapsed.<\/p>\n<p>T\u00f5usud ja m\u00f5\u00f5nad<\/p>\n<p>Erivajadusega lastega t\u00f6\u00f6tas Irina ka Narva-J\u00f5esuu lastekodus enne selle sulgemist. Siis v\u00f5ttis oma seltskonna ja kolis lastek\u00fclla. Ja on l\u00f5putult t\u00e4nulik, et \u00fching selle riski julges v\u00f5tta. T\u00e4naseks on majarahvas oma elu \u00fcles ehitanud kaks aastat, iga p\u00e4evaga hakkavad asjad sujuvamalt jooksma.<\/p>\n<p>Praegu on Irina suurim mure seotud rehabilitatsiooniplaanidega. Riiklik s\u00fcsteem n\u00e4eb ette terve rea vajalikke teenuseid, kuid paraku on nii, et Ida-Virumaal pole v\u00f5tta lastega tegelevaid spetsialiste. Kaugemale s\u00f5iduks ei pruugi lapsel tervist jaguda ning kohe kaasneb ka mure, keda t\u00e4iskasvanutest kaasa saata ja kuidas?<\/p>\n<p>\u201eAlguses ei teadnud me, kust otsida ja tellida erim\u00f6\u00f6blit, kuidas korraldada s\u00f6\u00f6gitegemine ja majapidamine. Palju pisiasju oli, mis oli vaja \u00e4ra korraldada. Lisaks veel laste harjutamine uue kohaga,\u201c meenutab Irina. \u201eTeised l\u00f5hnad, helid \u2013 see ei olnud lihtne. Nii me siis jalutasime iga p\u00e4ev uude majja ja viisime kotit\u00e4ie asju \u00e4ra. Ning m\u00f5tlesime, et kuidas me saame lastega hakkama, kui \u00fche suure ruumi asemel on nii palju v\u00e4ikeseid? Kuidas me lastel silma peal hoiame?\u201c T\u00e4naseks on hirmud kadunud. Lastek\u00fcla maja ei erine oma v\u00e4ikeste magamistubade ja suure m\u00e4ngimise-s\u00f6\u00f6mise-niisama olemise toaga tavalisest kodust. Kasvatajad on paigutanud lastele turvalise olemise koha koos m\u00e4nguasjadega sinnagi, kus endal tuleb aegajalt n\u00e4iteks arvuti taga paberit\u00f6\u00f6d teha \u2013 nii saab parajasti rohkem t\u00e4helepanu ja t\u00e4iskasvanu seltskonda vajava lapse endaga kaasa v\u00f5tta.<\/p>\n<p>P\u00e4eval tegeleb \u00fcks t\u00e4iskasvanu nelja lapsega, lisaks siis jooksvad majapidamist\u00f6\u00f6d. \u00d6\u00f6sel on valves \u00fcks inimene, sel vaiksel ajal saab pesu pestud ja triigitud, n\u00f5ud puhtaks ning hommikus\u00f6\u00f6k valmis. N\u00f5u ja j\u00f5uga on toeks lastek\u00fcla juhataja ja ps\u00fchholoog.<\/p>\n<p>Kahe aasta tagustest \u00fcmberkolijatest elab praegu majas seitse, \u00fche v\u00e4ikese poisi aeg siin ilmas sai \u00fcmber. N\u00fc\u00fcd on seitsmikul uus vend.<\/p>\n<p>\u201eKui ma vahepeal ei saaks p\u00e4ris \u00fcksi olla ja kui mu pere mind ei toeaks, oleks v\u00e4ga raske,\u201c \u00fctleb Irina mu n\u00e4oilme peale. Irinal on kaks poega, 9- ja 13-aastane ning ta on uhke, et on suutnud kasvatada pojad mitte kartma teistmoodi inimesi.<\/p>\n<p>Iga laps on v\u00e4\u00e4rt parimat<\/p>\n<p>Praegu on Irina suurim mure seotud rehabilitatsiooniplaanidega. Riiklik s\u00fcsteem n\u00e4eb ette terve rea vajalikke teenuseid, kuid paraku on nii, et Ida-Virumaal pole v\u00f5tta lastega tegelevaid spetsialiste. Kaugemale s\u00f5iduks ei pruugi lapsel tervist jaguda ning kohe kaasneb ka mure, keda t\u00e4iskasvanutest kaasa saata ja kuidas? Irina suur unistus on see, et tema v\u00e4rava-\u00e4\u00e4rse maja lapsukesi ootaks suur ja korralik rehabilitatsioonikeskus siin samas \u00fcle tee. Siis saaksid lapsed massaa\u017ei, raviv\u00f5imlemist ja k\u00f5ike muud, mida nad vajavad. K\u00fcll \u00fckskord see k\u00f5ik tuleb \u2013 \u00fcks samm korraga, teab 20 aastat lastega t\u00f6\u00f6tanud naine.<\/p>\n<p>Aga varsti on suur kevad k\u00e4es ning laste jalutusk\u00e4igud muutuvad taas pikemaks. Irina \u00fctleb, et k\u00f5ik pargirajad ja v\u00e4ljakud Narva-J\u00f5esuus on neil \u00fcle vaadatud, r\u00e4\u00e4kimata mererannast, mis peaaegu ukse ees \u2013 seal k\u00e4iakse sageli. Kui veel laudtee, mida m\u00f6\u00f6da k\u00e4rusid veepiirile s\u00f5idutada, ka ometi saaks! Ja kurgid, suvik\u00f5rvitsad ning lilled on vaja maha k\u00fclvata, viipab ta aia poole. Kes v\u00e4hegi saab, aitab j\u00f5udum\u00f6\u00f6da kaasa. \u201eLoodus pole nende laste suhtes helde olnud, seda enam vajavad nad t\u00e4helepanu. Olgu neil v\u00e4hemalt ilus lapsep\u00f5lv,\u201c \u00fctleb Irina.<\/p>\n<p>Mis oleks see helge, millega lugu l\u00f5petada? Ehk pilt umbes 6-aastasest poisist, kes omakeeli seletades l\u00f5unaunest tuleb, k\u00fclalise terele h\u00e4beliku naeratusega vastab ja imestades Irina p\u00fckstele osutab. \u201eJaa, ma vahetasin riideid, meil on k\u00fclaline,\u201c vastab talle Irina. \u201eTule teeme sinu ka korda.\u201c Ja nii nad kahekesi l\u00e4hevad, v\u00e4ike k\u00e4si suurema peos.<\/p>\n<p>** Autor: Agne Narusk<\/p>\n<p>Kui soovid toetada Narva-J\u00f5esuu SOS Lastek\u00fcla puuetega lapsi, tule tee annetus SIIN v\u00f5i EE062200221001178590, SOS Lastek\u00fcla Eesti \u00dching Palung T\u00e4helepanu:<\/p>\n<p>Palun, Pange selgitus : Narva Lapsed Projekt<\/p>\n<p>Siis saame kontrollida palju raha oleme korjanud<\/p>\n","protected":false},"excerpt":{"rendered":"<p>Narva-J\u00f5esuu SOS Lastek\u00fcla kasvataja Irina ja tema erilised lapsed Narva-J\u00f5esuu SOS lastek\u00fcla esimene maja kohe peav\u00e4rava juures on eriline \u2013 nii k\u00f5igi SOS lastek\u00fclade kui ka terve riigi plaanis, r\u00e4\u00e4kimata elanike endi jaoks. Selles v\u00e4ikeses majas hoolitsevad kasvatajad Irina ja Oksana kaheksa raske puudega lapse eest. \u201eHoolitsema\u201c on siinkohal tegelikult liiga v\u00e4he \u00fctlev s\u00f5na, sest&#8230;<\/p>\n","protected":false},"author":1,"featured_media":0,"comment_status":"open","ping_status":"open","sticky":false,"template":"","format":"standard","meta":{"ngg_post_thumbnail":0,"footnotes":""},"categories":[11],"tags":[],"_links":{"self":[{"href":"https:\/\/planet27.eu\/index.php?rest_route=\/wp\/v2\/posts\/223"}],"collection":[{"href":"https:\/\/planet27.eu\/index.php?rest_route=\/wp\/v2\/posts"}],"about":[{"href":"https:\/\/planet27.eu\/index.php?rest_route=\/wp\/v2\/types\/post"}],"author":[{"embeddable":true,"href":"https:\/\/planet27.eu\/index.php?rest_route=\/wp\/v2\/users\/1"}],"replies":[{"embeddable":true,"href":"https:\/\/planet27.eu\/index.php?rest_route=%2Fwp%2Fv2%2Fcomments&post=223"}],"version-history":[{"count":5,"href":"https:\/\/planet27.eu\/index.php?rest_route=\/wp\/v2\/posts\/223\/revisions"}],"predecessor-version":[{"id":307,"href":"https:\/\/planet27.eu\/index.php?rest_route=\/wp\/v2\/posts\/223\/revisions\/307"}],"wp:attachment":[{"href":"https:\/\/planet27.eu\/index.php?rest_route=%2Fwp%2Fv2%2Fmedia&parent=223"}],"wp:term":[{"taxonomy":"category","embeddable":true,"href":"https:\/\/planet27.eu\/index.php?rest_route=%2Fwp%2Fv2%2Fcategories&post=223"},{"taxonomy":"post_tag","embeddable":true,"href":"https:\/\/planet27.eu\/index.php?rest_route=%2Fwp%2Fv2%2Ftags&post=223"}],"curies":[{"name":"wp","href":"https:\/\/api.w.org\/{rel}","templated":true}]}}